{"id":6564,"date":"2024-11-05T20:10:19","date_gmt":"2024-11-05T19:10:19","guid":{"rendered":"https:\/\/2024.assistenz-kollektiv.de\/assistenz-kollektiv-koeln-e-v-web-sitemiz-yeni-ve-engelsiz-bir-tasarimla-karsinizda\/"},"modified":"2024-11-05T20:14:07","modified_gmt":"2024-11-05T19:14:07","slug":"assistenz-kollektiv-koeln-e-v-web-sitemiz-yeni-ve-engelsiz-bir-tasarimla-karsinizda","status":"publish","type":"post","link":"https:\/\/www.assistenz-kollektiv.de\/tr\/assistenz-kollektiv-koeln-e-v-web-sitemiz-yeni-ve-engelsiz-bir-tasarimla-karsinizda\/","title":{"rendered":"Assistenz Kollektiv K\u00f6ln e.V.: Web sitemiz yeni ve engelsiz bir tasar\u0131mla kar\u015f\u0131n\u0131zda!"},"content":{"rendered":"\n<p>Assistenz Kollektiv K\u00f6ln e.V.&#8217;nin yepyeni web sitesini sunmaktan mutluluk duyuyoruz! Yo\u011fun bir planlama ve tasar\u0131m y\u0131l\u0131n\u0131n ard\u0131ndan, \u00e7evrimi\u00e7i varl\u0131\u011f\u0131m\u0131z nihayet modern ve kapsay\u0131c\u0131 bir tasar\u0131mla kar\u015f\u0131n\u0131zda. Amac\u0131m\u0131z, web sitesini \u00f6zellikle engelli insanlar i\u00e7in daha eri\u015filebilir hale getirmekti: Navigasyon art\u0131k daha kolay, kullan\u0131labilirlik daha sezgisel ve d\u00fczen daha net. Buna ek olarak, m\u00fcmk\u00fcn oldu\u011funca \u00e7ok say\u0131da insan\u0131n eri\u015fimini kolayla\u015ft\u0131rmak i\u00e7in art\u0131k i\u00e7eri\u011fi \u00e7e\u015fitli dillerde sunuyoruz.   <\/p>\n\n<h3 class=\"gb-headline gb-headline-3b0efdc6 gb-headline-text\"><strong>C\u00f6mert fonlar sayesinde m\u00fcmk\u00fcn oldu<\/strong><\/h3>\n\n<p>Yeni web sitemiz iki b\u00fcy\u00fck orta\u011f\u0131m\u0131z\u0131n deste\u011fi olmadan hayata ge\u00e7irilemezdi:<\/p>\n\n<ul class=\"wp-block-list\">\n<li style=\"font-style:normal;font-weight:400\"><strong>K\u00e4mpgen Vakf\u0131:<\/strong> Destekleri sayesinde eri\u015filebilirlik ve \u00e7ok dillilik gibi temel konular\u0131 hayata ge\u00e7irebildik. Herhangi bir k\u0131s\u0131tlamaya bak\u0131lmaks\u0131z\u0131n web sitesinin t\u00fcm kullan\u0131c\u0131lar i\u00e7in kullan\u0131labilirli\u011fi bizim i\u00e7in \u00f6nemlidir ve K\u00e4mpgen Vakf\u0131 bu vizyonun ger\u00e7ekle\u015ftirilmesine \u00f6nemli bir katk\u0131da bulunmu\u015ftur. <\/li>\n\n\n\n<li style=\"font-style:normal;font-weight:400\">Software AG Vakf\u0131<strong>:<\/strong> Software AG Vakf\u0131&#8217;n\u0131n deste\u011fi sayesinde teknik altyap\u0131m\u0131z\u0131 daha da geli\u015ftirebildik, arama motorlar\u0131ndaki g\u00f6r\u00fcn\u00fcrl\u00fc\u011f\u00fcm\u00fcz\u00fc art\u0131rd\u0131k ve i\u00e7eri\u011fimizin yap\u0131s\u0131n\u0131 daha net bir \u015fekilde d\u00fczenleyebildik.<\/li>\n<\/ul>\n<div class=\"gb-container gb-container-6a4860dc\">\n<div class=\"gb-container gb-container-8dca867d\">\n\n<figure class=\"gb-block-image gb-block-image-721ef9f9\"><a href=\"https:\/\/www.kaempgen-stiftung.de\/\" target=\"_blank\" rel=\"noopener noreferrer\"><img loading=\"lazy\" decoding=\"async\" width=\"1122\" height=\"170\" class=\"gb-image gb-image-721ef9f9\" src=\"https:\/\/www.assistenz-kollektiv.de\/wp-content\/uploads\/\/Logo-Kaempgen-Stiftung-2.svg\" alt=\"K\u00e4mpgen Vakf\u0131 Logosu\" title=\"Logo Kaempgen Vakf\u0131\"><\/a><\/figure>\n\n<\/div>\n\n<div class=\"gb-container gb-container-91bac431\">\n\n<figure class=\"gb-block-image gb-block-image-f1ed872e\"><a href=\"https:\/\/www.sagst.de\/\" target=\"_blank\" rel=\"noopener noreferrer\"><img loading=\"lazy\" decoding=\"async\" width=\"2560\" height=\"1193\" class=\"gb-image gb-image-f1ed872e\" src=\"https:\/\/www.assistenz-kollektiv.de\/wp-content\/uploads\/Software-AG-Stiftung-scaled.jpg\" alt=\"Software AG Vakf\u0131 Logosu\" title=\"LOGO_SAGST_sRGB_2017\" srcset=\"https:\/\/www.assistenz-kollektiv.de\/wp-content\/uploads\/Software-AG-Stiftung-scaled.jpg 2560w, https:\/\/www.assistenz-kollektiv.de\/wp-content\/uploads\/Software-AG-Stiftung-400x186.jpg 400w, https:\/\/www.assistenz-kollektiv.de\/wp-content\/uploads\/Software-AG-Stiftung-1200x559.jpg 1200w, https:\/\/www.assistenz-kollektiv.de\/wp-content\/uploads\/Software-AG-Stiftung-768x358.jpg 768w, https:\/\/www.assistenz-kollektiv.de\/wp-content\/uploads\/Software-AG-Stiftung-1536x716.jpg 1536w, https:\/\/www.assistenz-kollektiv.de\/wp-content\/uploads\/Software-AG-Stiftung-2048x954.jpg 2048w\" sizes=\"auto, (max-width: 2560px) 100vw, 2560px\" \/><\/a><\/figure>\n\n<\/div>\n<\/div>\n<h3 class=\"gb-headline gb-headline-6353ee30 gb-headline-text\"><strong>Gelecek i\u00e7in vizyonumuz<\/strong><\/h3>\n\n<p>Destek\u00e7ilerimize \u00e7ok minnettar\u0131z &#8211; ve hen\u00fcz i\u015fimiz bitmedi! Software AG Vakf\u0131&#8217;n\u0131n deste\u011fiyle \u00f6n\u00fcm\u00fczdeki aylarda heyecan verici yenilikler planl\u0131yoruz: Web sitesine e\u015fler aras\u0131 bir video dan\u0131\u015fmanl\u0131k portal\u0131 entegre edilecek. Bunu, <em>ki\u015fisel yard\u0131m<\/em> ve <em>kendi kaderini tayin eden ya\u015fam<\/em> konular\u0131nda do\u011frudan diyalog i\u00e7in bir platform olu\u015fturmak i\u00e7in kullanmak istiyoruz. Ayr\u0131ca ki\u015fisel yard\u0131mla ilgili \u00f6nemli bilgileri ilk temas noktalar\u0131na ula\u015ft\u0131racak kapsaml\u0131 bir bilgilendirme kampanyas\u0131 haz\u0131rl\u0131yoruz.   <\/p>\n\n<h3 class=\"gb-headline gb-headline-6a48e502 gb-headline-text\"><strong>Kolektif i\u00e7in dijital bir d\u00f6n\u00fcm noktas\u0131<\/strong><\/h3>\n\n<p>Bu yeni web sitesi ile vak\u0131flar\u0131n deste\u011fi sayesinde dijital olarak kapsay\u0131c\u0131 bir gelece\u011fe do\u011fru b\u00fcy\u00fck bir ad\u0131m att\u0131k. Bu yolda ilerlemeye devam etmeyi ve gelecekte dijital eri\u015filebilirli\u011fi geni\u015fletmeyi d\u00f6rt g\u00f6zle bekliyoruz. Ger\u00e7ekle\u015ftirilmesi i\u00e7in harika sistem y\u00f6neticimize ve grafik tasar\u0131mc\u0131m\u0131za da \u00e7ok \u00f6zel bir te\u015fekk\u00fcr!  <\/p>\n\n<figure class=\"gb-block-image gb-block-image-d12fa2c6\"><img loading=\"lazy\" decoding=\"async\" width=\"1643\" height=\"1640\" class=\"gb-image gb-image-d12fa2c6\" src=\"https:\/\/www.assistenz-kollektiv.de\/wp-content\/uploads\/Gruppenbild-Assistenz-Kollektiv.webp\" alt=\"Bir kolaj, kolektiften birka\u00e7 ki\u015finin stencil tarz\u0131 resimli portrelerini g\u00f6steriyor. Portrelerin arka planlar\u0131, sar\u0131 zemin \u00fczerine g\u00fc\u00e7l\u00fc koyu k\u0131rm\u0131z\u0131 ve petrol renklerinden olu\u015fuyor. \u0130nsanlar farkl\u0131 \u015fekilde d\u00fczenlenmi\u015f ve farkl\u0131 y\u00fcz ifadeleri g\u00f6steriyorlar. Farkl\u0131 ya\u015flardaki insanlar\u0131n bir kar\u0131\u015f\u0131m\u0131d\u0131r. Baz\u0131 insanlar profilden, baz\u0131lar\u0131 ise do\u011frudan cepheden g\u00f6sterilmi\u015ftir.\" title=\"Grup resim yard\u0131m\u0131 kolektifi\" srcset=\"https:\/\/www.assistenz-kollektiv.de\/wp-content\/uploads\/Gruppenbild-Assistenz-Kollektiv.webp 1643w, https:\/\/www.assistenz-kollektiv.de\/wp-content\/uploads\/Gruppenbild-Assistenz-Kollektiv-400x400.webp 400w, https:\/\/www.assistenz-kollektiv.de\/wp-content\/uploads\/Gruppenbild-Assistenz-Kollektiv-1200x1198.webp 1200w, https:\/\/www.assistenz-kollektiv.de\/wp-content\/uploads\/Gruppenbild-Assistenz-Kollektiv-768x767.webp 768w, https:\/\/www.assistenz-kollektiv.de\/wp-content\/uploads\/Gruppenbild-Assistenz-Kollektiv-1536x1533.webp 1536w\" sizes=\"auto, (max-width: 1643px) 100vw, 1643px\" \/><\/figure>\n","protected":false},"excerpt":{"rendered":"<p>Assistenz Kollektiv K\u00f6ln e.V.&#8217;nin yepyeni web sitesini sunmaktan mutluluk duyuyoruz! Yo\u011fun bir planlama ve tasar\u0131m y\u0131l\u0131n\u0131n ard\u0131ndan, \u00e7evrimi\u00e7i varl\u0131\u011f\u0131m\u0131z nihayet modern ve kapsay\u0131c\u0131 bir tasar\u0131mla kar\u015f\u0131n\u0131zda. Amac\u0131m\u0131z, web sitesini \u00f6zellikle engelli insanlar i\u00e7in daha eri\u015filebilir hale getirmekti: Navigasyon art\u0131k daha kolay, kullan\u0131labilirlik daha sezgisel ve d\u00fczen daha net. Buna ek olarak, m\u00fcmk\u00fcn oldu\u011funca \u00e7ok say\u0131da &#8230; <\/p>\n<p class=\"read-more-container\"><a title=\"Assistenz Kollektiv K\u00f6ln e.V.: Web sitemiz yeni ve engelsiz bir tasar\u0131mla kar\u015f\u0131n\u0131zda!\" class=\"read-more button\" href=\"https:\/\/www.assistenz-kollektiv.de\/tr\/assistenz-kollektiv-koeln-e-v-web-sitemiz-yeni-ve-engelsiz-bir-tasarimla-karsinizda\/#more-6564\" aria-label=\"Read more about Assistenz Kollektiv K\u00f6ln e.V.: Web sitemiz yeni ve engelsiz bir tasar\u0131mla kar\u015f\u0131n\u0131zda!\">Read more<\/a><\/p>\n","protected":false},"author":3,"featured_media":0,"comment_status":"closed","ping_status":"closed","sticky":false,"template":"","format":"standard","meta":{"inline_featured_image":false,"footnotes":""},"categories":[1],"tags":[],"class_list":["post-6564","post","type-post","status-publish","format-standard","hentry","category-blog-tr","infinite-scroll-item"],"_links":{"self":[{"href":"https:\/\/www.assistenz-kollektiv.de\/tr\/wp-json\/wp\/v2\/posts\/6564","targetHints":{"allow":["GET"]}}],"collection":[{"href":"https:\/\/www.assistenz-kollektiv.de\/tr\/wp-json\/wp\/v2\/posts"}],"about":[{"href":"https:\/\/www.assistenz-kollektiv.de\/tr\/wp-json\/wp\/v2\/types\/post"}],"author":[{"embeddable":true,"href":"https:\/\/www.assistenz-kollektiv.de\/tr\/wp-json\/wp\/v2\/users\/3"}],"replies":[{"embeddable":true,"href":"https:\/\/www.assistenz-kollektiv.de\/tr\/wp-json\/wp\/v2\/comments?post=6564"}],"version-history":[{"count":5,"href":"https:\/\/www.assistenz-kollektiv.de\/tr\/wp-json\/wp\/v2\/posts\/6564\/revisions"}],"predecessor-version":[{"id":6591,"href":"https:\/\/www.assistenz-kollektiv.de\/tr\/wp-json\/wp\/v2\/posts\/6564\/revisions\/6591"}],"wp:attachment":[{"href":"https:\/\/www.assistenz-kollektiv.de\/tr\/wp-json\/wp\/v2\/media?parent=6564"}],"wp:term":[{"taxonomy":"category","embeddable":true,"href":"https:\/\/www.assistenz-kollektiv.de\/tr\/wp-json\/wp\/v2\/categories?post=6564"},{"taxonomy":"post_tag","embeddable":true,"href":"https:\/\/www.assistenz-kollektiv.de\/tr\/wp-json\/wp\/v2\/tags?post=6564"}],"curies":[{"name":"wp","href":"https:\/\/api.w.org\/{rel}","templated":true}]}}