{"id":6580,"date":"2024-11-05T20:10:19","date_gmt":"2024-11-05T19:10:19","guid":{"rendered":"https:\/\/2024.assistenz-kollektiv.de\/assistenz-kollektiv-koeln-e-v-notre-site-web-dans-un-nouveau-design-accessible-a-tous\/"},"modified":"2024-11-05T20:14:07","modified_gmt":"2024-11-05T19:14:07","slug":"assistenz-kollektiv-koeln-e-v-notre-site-web-dans-un-nouveau-design-accessible-a-tous","status":"publish","type":"post","link":"https:\/\/www.assistenz-kollektiv.de\/fr\/assistenz-kollektiv-koeln-e-v-notre-site-web-dans-un-nouveau-design-accessible-a-tous\/","title":{"rendered":"Assistenz Kollektiv K\u00f6ln e.V. : Notre site web dans un nouveau design accessible \u00e0 tous !"},"content":{"rendered":"\n<p>Nous sommes tr\u00e8s heureux de vous pr\u00e9senter le tout nouveau site web de l&#8217;association Assistenz Kollektiv K\u00f6ln e.V. ! Apr\u00e8s une ann\u00e9e intensive de planification et de conception, notre pr\u00e9sence en ligne est enfin disponible dans un design moderne et inclusif. Notre objectif \u00e9tait de rendre le site plus accessible, en particulier pour les personnes handicap\u00e9es : La navigation est d\u00e9sormais plus simple, l&#8217;utilisation plus intuitive et la mise en page plus claire. De plus, nous proposons d\u00e9sormais le contenu en plusieurs langues afin de faciliter l&#8217;acc\u00e8s au plus grand nombre.   <\/p>\n\n<h3 class=\"gb-headline gb-headline-3b0efdc6 gb-headline-text\"><strong>Rendu possible par de g\u00e9n\u00e9reuses subventions<\/strong><\/h3>\n\n<p>Notre nouveau site web n&#8217;aurait pas \u00e9t\u00e9 r\u00e9alisable sans le soutien de deux partenaires formidables :<\/p>\n\n<ul class=\"wp-block-list\">\n<li style=\"font-style:normal;font-weight:400\"><strong>Fondation K\u00e4mpgen :<\/strong> gr\u00e2ce \u00e0 son soutien, nous avons pu mettre en \u0153uvre des aspects essentiels de l&#8217;accessibilit\u00e9 et du multilinguisme. La facilit\u00e9 d&#8217;utilisation du site pour tous les utilisateurs, quelles que soient leurs limitations, nous tient \u00e0 c\u0153ur et la Fondation K\u00e4mpgen a largement contribu\u00e9 \u00e0 la concr\u00e9tisation de cette vision. <\/li>\n\n\n\n<li style=\"font-style:normal;font-weight:400\"><strong>Software AG Stiftung :<\/strong> gr\u00e2ce au soutien de la Software AG Stiftung, nous avons pu d\u00e9velopper notre infrastructure technique, am\u00e9liorer notre visibilit\u00e9 dans les moteurs de recherche et rendre la structure de notre contenu plus claire.<\/li>\n<\/ul>\n<div class=\"gb-container gb-container-6a4860dc\">\n<div class=\"gb-container gb-container-8dca867d\">\n\n<figure class=\"gb-block-image gb-block-image-721ef9f9\"><a href=\"https:\/\/www.kaempgen-stiftung.de\/\" target=\"_blank\" rel=\"noopener noreferrer\"><img loading=\"lazy\" decoding=\"async\" width=\"1122\" height=\"170\" class=\"gb-image gb-image-721ef9f9\" src=\"https:\/\/www.assistenz-kollektiv.de\/wp-content\/uploads\/\/Logo-Kaempgen-Stiftung-2.svg\" alt=\"Logo de la Fondation K\u00e4mpgen\" title=\"Fondation Logo-Kaempgen\"><\/a><\/figure>\n\n<\/div>\n\n<div class=\"gb-container gb-container-91bac431\">\n\n<figure class=\"gb-block-image gb-block-image-f1ed872e\"><a href=\"https:\/\/www.sagst.de\/\" target=\"_blank\" rel=\"noopener noreferrer\"><img loading=\"lazy\" decoding=\"async\" width=\"2560\" height=\"1193\" class=\"gb-image gb-image-f1ed872e\" src=\"https:\/\/www.assistenz-kollektiv.de\/wp-content\/uploads\/Software-AG-Stiftung-scaled.jpg\" alt=\"Logo de la fondation Software AG\" title=\"LOGO_SAGST_sRGB_2017\" srcset=\"https:\/\/www.assistenz-kollektiv.de\/wp-content\/uploads\/Software-AG-Stiftung-scaled.jpg 2560w, https:\/\/www.assistenz-kollektiv.de\/wp-content\/uploads\/Software-AG-Stiftung-400x186.jpg 400w, https:\/\/www.assistenz-kollektiv.de\/wp-content\/uploads\/Software-AG-Stiftung-1200x559.jpg 1200w, https:\/\/www.assistenz-kollektiv.de\/wp-content\/uploads\/Software-AG-Stiftung-768x358.jpg 768w, https:\/\/www.assistenz-kollektiv.de\/wp-content\/uploads\/Software-AG-Stiftung-1536x716.jpg 1536w, https:\/\/www.assistenz-kollektiv.de\/wp-content\/uploads\/Software-AG-Stiftung-2048x954.jpg 2048w\" sizes=\"auto, (max-width: 2560px) 100vw, 2560px\" \/><\/a><\/figure>\n\n<\/div>\n<\/div>\n<h3 class=\"gb-headline gb-headline-6353ee30 gb-headline-text\"><strong>Notre vision de l&#8217;avenir<\/strong><\/h3>\n\n<p>Nous sommes tr\u00e8s reconnaissants envers nos m\u00e9c\u00e8nes &#8211; et nous ne sommes pas au bout de nos peines ! Avec le soutien de la fondation Software AG, nous pr\u00e9voyons des innovations passionnantes dans les mois \u00e0 venir : Un portail de conseil vid\u00e9o en peer-to-peer sera int\u00e9gr\u00e9 au site web. Nous souhaitons ainsi cr\u00e9er une plate-forme d&#8217;\u00e9change direct sur les th\u00e8mes de <em>l&#8217;assistance personnelle<\/em> et <em>de la vie autonome<\/em>. Nous pr\u00e9parons \u00e9galement une vaste campagne d&#8217;information qui apportera des informations importantes sur l&#8217;assistance personnelle aux points de contact initiaux.   <\/p>\n\n<h3 class=\"gb-headline gb-headline-6a48e502 gb-headline-text\"><strong>Un jalon num\u00e9rique pour le collectif<\/strong><\/h3>\n\n<p>Avec ce nouveau site web, nous avons fait un grand pas en avant vers un avenir num\u00e9riquement inclusif gr\u00e2ce au soutien des fondations. Nous sommes impatients de poursuivre sur cette voie et de continuer \u00e0 d\u00e9velopper l&#8217;accessibilit\u00e9 num\u00e9rique \u00e0 l&#8217;avenir. Nous tenons \u00e9galement \u00e0 remercier notre administrateur syst\u00e8me et notre graphiste pour la r\u00e9alisation de ce projet.  <\/p>\n\n<figure class=\"gb-block-image gb-block-image-d12fa2c6\"><img loading=\"lazy\" decoding=\"async\" width=\"1643\" height=\"1640\" class=\"gb-image gb-image-d12fa2c6\" src=\"https:\/\/www.assistenz-kollektiv.de\/wp-content\/uploads\/Gruppenbild-Assistenz-Kollektiv.webp\" alt=\"Un collage montre les portraits de plusieurs personnes du collectif, illustr\u00e9s dans le style pochoir. Les fonds des diff\u00e9rents portraits sont d'un rouge fonc\u00e9 et d'un p\u00e9trole vif, sur un fond jaune. Les personnes sont dispos\u00e9es diff\u00e9remment et pr\u00e9sentent diff\u00e9rentes expressions faciales. Il s'agit d'un m\u00e9lange de personnes d'\u00e2ges diff\u00e9rents. Certaines personnes sont repr\u00e9sent\u00e9es de profil, d'autres directement de face.\" title=\"Photo de groupe du collectif d'assistance\" srcset=\"https:\/\/www.assistenz-kollektiv.de\/wp-content\/uploads\/Gruppenbild-Assistenz-Kollektiv.webp 1643w, https:\/\/www.assistenz-kollektiv.de\/wp-content\/uploads\/Gruppenbild-Assistenz-Kollektiv-400x400.webp 400w, https:\/\/www.assistenz-kollektiv.de\/wp-content\/uploads\/Gruppenbild-Assistenz-Kollektiv-1200x1198.webp 1200w, https:\/\/www.assistenz-kollektiv.de\/wp-content\/uploads\/Gruppenbild-Assistenz-Kollektiv-768x767.webp 768w, https:\/\/www.assistenz-kollektiv.de\/wp-content\/uploads\/Gruppenbild-Assistenz-Kollektiv-1536x1533.webp 1536w\" sizes=\"auto, (max-width: 1643px) 100vw, 1643px\" \/><\/figure>\n","protected":false},"excerpt":{"rendered":"<p>Nous sommes tr\u00e8s heureux de vous pr\u00e9senter le tout nouveau site web de l&#8217;association Assistenz Kollektiv K\u00f6ln e.V. ! Apr\u00e8s une ann\u00e9e intensive de planification et de conception, notre pr\u00e9sence en ligne est enfin disponible dans un design moderne et inclusif. Notre objectif \u00e9tait de rendre le site plus accessible, en particulier pour les personnes &#8230; <\/p>\n<p class=\"read-more-container\"><a title=\"Assistenz Kollektiv K\u00f6ln e.V. : Notre site web dans un nouveau design accessible \u00e0 tous !\" class=\"read-more button\" href=\"https:\/\/www.assistenz-kollektiv.de\/fr\/assistenz-kollektiv-koeln-e-v-notre-site-web-dans-un-nouveau-design-accessible-a-tous\/#more-6580\" aria-label=\"En savoir plus sur Assistenz Kollektiv K\u00f6ln e.V. : Notre site web dans un nouveau design accessible \u00e0 tous !\">Lire plus<\/a><\/p>\n","protected":false},"author":3,"featured_media":0,"comment_status":"closed","ping_status":"closed","sticky":false,"template":"","format":"standard","meta":{"inline_featured_image":false,"footnotes":""},"categories":[75],"tags":[],"class_list":["post-6580","post","type-post","status-publish","format-standard","hentry","category-blog-fr","infinite-scroll-item"],"_links":{"self":[{"href":"https:\/\/www.assistenz-kollektiv.de\/fr\/wp-json\/wp\/v2\/posts\/6580","targetHints":{"allow":["GET"]}}],"collection":[{"href":"https:\/\/www.assistenz-kollektiv.de\/fr\/wp-json\/wp\/v2\/posts"}],"about":[{"href":"https:\/\/www.assistenz-kollektiv.de\/fr\/wp-json\/wp\/v2\/types\/post"}],"author":[{"embeddable":true,"href":"https:\/\/www.assistenz-kollektiv.de\/fr\/wp-json\/wp\/v2\/users\/3"}],"replies":[{"embeddable":true,"href":"https:\/\/www.assistenz-kollektiv.de\/fr\/wp-json\/wp\/v2\/comments?post=6580"}],"version-history":[{"count":3,"href":"https:\/\/www.assistenz-kollektiv.de\/fr\/wp-json\/wp\/v2\/posts\/6580\/revisions"}],"predecessor-version":[{"id":6595,"href":"https:\/\/www.assistenz-kollektiv.de\/fr\/wp-json\/wp\/v2\/posts\/6580\/revisions\/6595"}],"wp:attachment":[{"href":"https:\/\/www.assistenz-kollektiv.de\/fr\/wp-json\/wp\/v2\/media?parent=6580"}],"wp:term":[{"taxonomy":"category","embeddable":true,"href":"https:\/\/www.assistenz-kollektiv.de\/fr\/wp-json\/wp\/v2\/categories?post=6580"},{"taxonomy":"post_tag","embeddable":true,"href":"https:\/\/www.assistenz-kollektiv.de\/fr\/wp-json\/wp\/v2\/tags?post=6580"}],"curies":[{"name":"wp","href":"https:\/\/api.w.org\/{rel}","templated":true}]}}